{"provider_url": "https://www.riodoce.mg.leg.br", "title": "REUNI\u00c3O ORDIN\u00c1RIA  15 DE SETEMBRO", "html": "<p>7\u00aa Reuni\u00e3o Ordin\u00e1ria do corrente ano, a\u00a0 realizar-se dia 15/09/2025 segunda-feira, \u00e0s 18:00 horas na sede da C\u00e2mara Municipal de Rio Doce.<br />Contaremos com a presen\u00e7a da Secret\u00e1ria Municipal de Desenvolvimento Social e Habita\u00e7\u00e3o, Silvana Lourdes da Luz Lazarini, da Assistente Social Fabiane Guimar\u00e3es e o Psic\u00f3logo Valmir Euz\u00e9bio, respons\u00e1veis pela execu\u00e7\u00e3o das atividades do CRAS, em especial nos programas PAIF (Servi\u00e7o de Prote\u00e7\u00e3o e Atendimento Integral \u00e0 Fam\u00edlia) e SCFV (Servi\u00e7o de Conviv\u00eancia e Fortalecimento de V\u00ednculos) e da Sr\u00aa. Maria Am\u00e9lia Suriani Lima, onde ir\u00e3o fazer o uso da Tribuna Livre para explana\u00e7\u00e3o do tema \u201cA Pol\u00edtica Municipal de Cuidado Integral \u00e0s Pessoas com Alzheimer e Outras Dem\u00eancias\".</p>", "author_name": "", "version": "1.0", "author_url": "https://www.riodoce.mg.leg.br/author/adm", "provider_name": "C\u00e2mara Municipal", "type": "rich"}